{"id":4982,"date":"2024-10-09T14:00:45","date_gmt":"2024-10-09T12:00:45","guid":{"rendered":"https:\/\/www.dig-stuttgart.net\/?p=4982"},"modified":"2024-10-09T15:31:07","modified_gmt":"2024-10-09T13:31:07","slug":"panel-stimmen-aus-israel-6-10-24","status":"publish","type":"post","link":"https:\/\/www.dig-stuttgart.net\/?p=4982","title":{"rendered":"panel Stimmen aus Israel (6.10.24)"},"content":{"rendered":"\n<p>Die DIG Stuttgart hat am 6.10. und 7.10. den Massakern im Westlichen Negev gedacht.<\/p>\n\n\n\n<p>Am 6.10. hatten wir Betroffene des 7.Oktober zu Gast bei beim panel \u201eStimmen aus Israel\u201d.<br>Mehr als 200 Menschen haben ihr Interesse an der online Veranstaltung auf Deutscher Sprache angemeldet. Aufgrund der Kapazit\u00e4tsbeschr\u00e4nkung beim Videokonferenz Anbieter ZOOM konnten nur 100 Menschen teilnehmen. Wir entschuldigen uns hiermit bei Allen, die nicht teilnehmen konnten. Und war die Beschr\u00e4nkung nicht bekannt.<\/p>\n\n\n\n<p>Vielen Dank Allen Teilnehmenden und besonderer Dank an die DIG AG K\u00f6ln und die DIG AG Gie\u00dfen f\u00fcr die Zusammenarbeit. Ganz besonderer Dank an den Solidarit\u00e4tsverein Nir Oz und seiner Vorsitzenden Petra Hemming, die mit unserem Vorsitzenden Oliver Vrankovic durch den Austausch gef\u00fchrt hat.<\/p>\n\n\n\n<p>Allen Teilnehmenden war klar, dass sie Einblicke in die H\u00f6lle des 7. Oktober erwartet. Und gleich zu Beginn des panel teilte Ricarda Louk mit uns den Horror des 7. Oktober, als sie den K\u00f6rper ihrer Tochter auf der Ladefl\u00e4che eines pick up in Gaza gesehen hat und den Horror der folgenden Wochen der Ungewissheit, bis sie benachrichtigt wurde, dass Shani zu dem Zeitpunk schon tot war. Ricarda Louk berichtete wie sie anhand einer Vielzahl von Videomaterial die letzten Stunden im Leben von Shani rekonstruiert hat und welche Bedeutung die Rettung ihrer Leiche aus Gaza f\u00fcr sie hatte. Wir haben von Ricarda Louk erfahren, wie sie sich ihren anderen Kindern verpflichtet f\u00fchlt weiterzuleben und von ihren Erfahrungen mit der deutschen Berichterstattung.<\/p>\n\n\n\n<p>Martin Sessler aus Magen und Ralph Lewinson aus Kfar Aza gaben eindringliche Einblicke in den Umgang ihrer communities mit den Verlusten und der Erinnerung und den \u00dcberlegungen hinsichtlich eines Neuanfang. Zudem gew\u00e4hrten Ralph und Martin uns beklemmende Einblicke in ihren pers\u00f6nlichen Umgang mit dem Grauen, dass sie erlebten und den vielen Ermordeten und Entf\u00fchrten aus ihrem Umfeld. Martin sagte, dass er als Rektor einer Schule Hunderte seiner ehemaligen Sch\u00fcler*innen unter den Toten und Entf\u00fchrten wei\u00df. Der Kibbutz Kfar Aza, in dem Ralph wohnt, war einer der am Brutalsten getroffenen Orte. Martin und Ralph gaben zu, dass sie \u2013 \u00e4hnlich vielen \u00dcberlebenden des Holocaust \u2013 nicht von der beklemmenden Frage loskommen, warum sie \u00fcberlebt haben und so viele Andere ermordet wurden.<\/p>\n\n\n\n<p>Chanan Cohen beleuchtete f\u00fcr uns in eindringlichster Weise die Leere der Familien der Entf\u00fchrten am Neujahrsfest. Sie schauen auf leere St\u00fchle. Chanans Schwester Margalit Moses war in den H\u00e4nden der Pal\u00e4stinenser, sein Schwager Gadi Moses befindet sich noch in pal\u00e4stinensischer Geiselhaft. Er gebe die Hoffnung nicht auf, sagt Chanan, der auch nicht wenig Kritik am Kurs der derzeitigen israelischen Regierung hatte. 1936 habe ihn eine arabische Kugeln nur knapp verfehlt, sagte Chanan und heute warte eine Flasche Wein in seinem Schrank und er hofft diese mit Gadi trinken zu k\u00f6nnen.<\/p>\n\n\n\n<p>Vervollst\u00e4ndigt wurde der panel von Dina Rahamim, die bei ADI Negev \u2013 Nahalat Eran arbeitet und von den Auswirkungen des 7.10. auf die Bewohnerinnen der Einrichtung berichtet hat und von der Rehabilitation von verwundeten Soldatinnen. Dina Rahamim hat uns mitgeteilt, dass es f\u00fcr ausgebildetes Pflegepersonal und Physiotherapist*innen die M\u00f6glichkeit gibt ein Volontariat in der Einrichtung zu machen.<br>(Informationen zu Spendenm\u00f6glichkeiten und der M\u00f6glichkeit eines Volontariat bei ADI Negev oder in einem der Kibbutzim im Westlichen Negev auf unserer Seite: [link]<\/p>\n\n\n\n<p>In der abschlie\u00dfenden Runde bekr\u00e4ftigten alle Beteiligten am panel die Wichtigkeit am Jahrestag des Massakers f\u00fcr Israel auf die Stra\u00dfe zu gehen.<\/p>\n","protected":false},"excerpt":{"rendered":"<p>Die DIG Stuttgart hat am 6.10. und 7.10. den Massakern im Westlichen Negev gedacht. Am 6.10. hatten wir Betroffene des 7.Oktober zu Gast bei beim panel \u201eStimmen aus Israel\u201d.Mehr als 200 Menschen haben ihr Interesse an der online Veranstaltung auf Deutscher Sprache angemeldet. Aufgrund der Kapazit\u00e4tsbeschr\u00e4nkung beim Videokonferenz Anbieter ZOOM konnten nur 100 Menschen teilnehmen. [&hellip;]<\/p>\n","protected":false},"author":13,"featured_media":0,"comment_status":"closed","ping_status":"closed","sticky":false,"template":"","format":"standard","meta":{"footnotes":""},"categories":[1],"tags":[],"class_list":["post-4982","post","type-post","status-publish","format-standard","hentry","category-allgemein"],"_links":{"self":[{"href":"https:\/\/www.dig-stuttgart.net\/index.php?rest_route=\/wp\/v2\/posts\/4982","targetHints":{"allow":["GET"]}}],"collection":[{"href":"https:\/\/www.dig-stuttgart.net\/index.php?rest_route=\/wp\/v2\/posts"}],"about":[{"href":"https:\/\/www.dig-stuttgart.net\/index.php?rest_route=\/wp\/v2\/types\/post"}],"author":[{"embeddable":true,"href":"https:\/\/www.dig-stuttgart.net\/index.php?rest_route=\/wp\/v2\/users\/13"}],"replies":[{"embeddable":true,"href":"https:\/\/www.dig-stuttgart.net\/index.php?rest_route=%2Fwp%2Fv2%2Fcomments&post=4982"}],"version-history":[{"count":1,"href":"https:\/\/www.dig-stuttgart.net\/index.php?rest_route=\/wp\/v2\/posts\/4982\/revisions"}],"predecessor-version":[{"id":4983,"href":"https:\/\/www.dig-stuttgart.net\/index.php?rest_route=\/wp\/v2\/posts\/4982\/revisions\/4983"}],"wp:attachment":[{"href":"https:\/\/www.dig-stuttgart.net\/index.php?rest_route=%2Fwp%2Fv2%2Fmedia&parent=4982"}],"wp:term":[{"taxonomy":"category","embeddable":true,"href":"https:\/\/www.dig-stuttgart.net\/index.php?rest_route=%2Fwp%2Fv2%2Fcategories&post=4982"},{"taxonomy":"post_tag","embeddable":true,"href":"https:\/\/www.dig-stuttgart.net\/index.php?rest_route=%2Fwp%2Fv2%2Ftags&post=4982"}],"curies":[{"name":"wp","href":"https:\/\/api.w.org\/{rel}","templated":true}]}}