{"id":5336,"date":"2025-04-02T08:47:10","date_gmt":"2025-04-02T06:47:10","guid":{"rendered":"https:\/\/www.dig-stuttgart.net\/?p=5336"},"modified":"2025-04-07T16:13:33","modified_gmt":"2025-04-07T14:13:33","slug":"israeltag-2025","status":"publish","type":"post","link":"http:\/\/www.dig-stuttgart.net\/?p=5336","title":{"rendered":"Israeltag 2025"},"content":{"rendered":"\n<figure class=\"wp-block-image size-large\"><img loading=\"lazy\" decoding=\"async\" width=\"726\" height=\"1024\" src=\"https:\/\/www.dig-stuttgart.net\/wp-content\/uploads\/2025-Isrealtag-Plakat-A3-1-726x1024.jpg\" alt=\"\" class=\"wp-image-5354\" srcset=\"http:\/\/www.dig-stuttgart.net\/wp-content\/uploads\/2025-Isrealtag-Plakat-A3-1-726x1024.jpg 726w, http:\/\/www.dig-stuttgart.net\/wp-content\/uploads\/2025-Isrealtag-Plakat-A3-1-213x300.jpg 213w, http:\/\/www.dig-stuttgart.net\/wp-content\/uploads\/2025-Isrealtag-Plakat-A3-1-106x150.jpg 106w, http:\/\/www.dig-stuttgart.net\/wp-content\/uploads\/2025-Isrealtag-Plakat-A3-1-1089x1536.jpg 1089w, http:\/\/www.dig-stuttgart.net\/wp-content\/uploads\/2025-Isrealtag-Plakat-A3-1.jpg 1452w\" sizes=\"auto, (max-width: 726px) 100vw, 726px\" \/><\/figure>\n\n\n\n<p><br><br>Auf dem Israeltag werden Vertreter*innen der DIG (Oliver Vrankovic), der IRGW und Repr\u00e4sentant*innen der Politik und der israelsolidarischen Zivilgesellschaft sprechen. Es wird ein buntes B\u00fchnenprogramm geben, T\u00e4nze und israelisches Essen.<\/p>\n\n\n\n<p>Der Israeltag findet als Kooperation zwischen DIG Stuttgart, <a href=\"https:\/\/www.facebook.com\/profile.php?id=100090211885050&amp;__cft__[0]=AZWMRgaM_JGQN7W_qSBY2ID6QnIlh31YDPN2k647gF7ZPO3k1M2gHcg8HMa1Lj_2hnUibHehm8gZJkvR7ijTz64Ep_y7mgp1OfOEJ69_BYigFYBu_3HU42RdrG41uqOsvEgfYCuD1U3HVufFNxm4w2s_oJ-y4mXfqRHLbT83MOTUEmtagAyqWox0MkrP6Pxl2qw&amp;__tn__=-]K-R\">IRGW<\/a> , WIZO und fjbk statt<\/p>\n\n\n\n<p>Schirmherrschaft: Oberb\u00fcrgermeister Frank Nopper<\/p>\n\n\n\n<p>Unsere Partnerinnen beim Israeltag dieses Jahr: F\u00f6rderverein Emanzipation und Frieden e.V. , J\u00fcdische Studierendenunion W\u00fcrttemberg, Denkendorfer Kreis f\u00fcr j\u00fcdisch-christiche Begegnung, Keren Kayemeth LeIsrael &#8211; Jewish National Fund , Keren HaYesod, GCJZ Stuttgart, Christen an der Seite Israels, Jufo der DIG Region Stuttgart e.V., Gedenkst\u00e4ttenverband G\u00e4u-Neckar-Alb, Freunde j\u00fcdischer Kultur Esslingen, ARC to Israel, Mitzva e.V., ICEJ und Stuttgarter Lehrhaus.<br><\/p>\n","protected":false},"excerpt":{"rendered":"<p>Auf dem Israeltag werden Vertreter*innen der DIG (Oliver Vrankovic), der IRGW und Repr\u00e4sentant*innen der Politik und der israelsolidarischen Zivilgesellschaft sprechen. Es wird ein buntes B\u00fchnenprogramm geben, T\u00e4nze und israelisches Essen. Der Israeltag findet als Kooperation zwischen DIG Stuttgart, IRGW , WIZO und fjbk statt Schirmherrschaft: Oberb\u00fcrgermeister Frank Nopper Unsere Partnerinnen beim Israeltag dieses Jahr: F\u00f6rderverein [&hellip;]<\/p>\n","protected":false},"author":13,"featured_media":0,"comment_status":"closed","ping_status":"","sticky":false,"template":"","format":"standard","meta":{"footnotes":""},"categories":[1],"tags":[],"class_list":["post-5336","post","type-post","status-publish","format-standard","hentry","category-allgemein"],"_links":{"self":[{"href":"http:\/\/www.dig-stuttgart.net\/index.php?rest_route=\/wp\/v2\/posts\/5336","targetHints":{"allow":["GET"]}}],"collection":[{"href":"http:\/\/www.dig-stuttgart.net\/index.php?rest_route=\/wp\/v2\/posts"}],"about":[{"href":"http:\/\/www.dig-stuttgart.net\/index.php?rest_route=\/wp\/v2\/types\/post"}],"author":[{"embeddable":true,"href":"http:\/\/www.dig-stuttgart.net\/index.php?rest_route=\/wp\/v2\/users\/13"}],"replies":[{"embeddable":true,"href":"http:\/\/www.dig-stuttgart.net\/index.php?rest_route=%2Fwp%2Fv2%2Fcomments&post=5336"}],"version-history":[{"count":5,"href":"http:\/\/www.dig-stuttgart.net\/index.php?rest_route=\/wp\/v2\/posts\/5336\/revisions"}],"predecessor-version":[{"id":5356,"href":"http:\/\/www.dig-stuttgart.net\/index.php?rest_route=\/wp\/v2\/posts\/5336\/revisions\/5356"}],"wp:attachment":[{"href":"http:\/\/www.dig-stuttgart.net\/index.php?rest_route=%2Fwp%2Fv2%2Fmedia&parent=5336"}],"wp:term":[{"taxonomy":"category","embeddable":true,"href":"http:\/\/www.dig-stuttgart.net\/index.php?rest_route=%2Fwp%2Fv2%2Fcategories&post=5336"},{"taxonomy":"post_tag","embeddable":true,"href":"http:\/\/www.dig-stuttgart.net\/index.php?rest_route=%2Fwp%2Fv2%2Ftags&post=5336"}],"curies":[{"name":"wp","href":"https:\/\/api.w.org\/{rel}","templated":true}]}}