{"id":4838,"date":"2024-07-26T09:59:07","date_gmt":"2024-07-26T07:59:07","guid":{"rendered":"https:\/\/www.dig-stuttgart.net\/?p=4838"},"modified":"2025-07-02T23:33:13","modified_gmt":"2025-07-02T21:33:13","slug":"sommerfest-der-kulturen-2024","status":"publish","type":"post","link":"http:\/\/www.dig-stuttgart.net\/?p=4838","title":{"rendered":"Sommerfest der Kulturen 2024"},"content":{"rendered":"\n<p>Von Freitag, 19.07 bis Sonntag 21.07 war die DIG Stuttgart mit einem Infostand auf dem Sommerfest der Kulturen auf dem Stuttgarter Marktplatz pr\u00e4sent. Vielen Dank den mehr als zwei Dutzend(!) Mitgliedern f\u00fcr ihr wichtiges israelsolidarisches Engagement auf diesem bedeutenden Stuttgarter Festival.<br><br><\/p>\n\n\n\n<figure class=\"wp-block-gallery has-nested-images columns-default is-cropped wp-block-gallery-1 is-layout-flex wp-block-gallery-is-layout-flex\">\n<figure class=\"wp-block-image size-large\"><img loading=\"lazy\" decoding=\"async\" width=\"768\" height=\"1024\" data-id=\"4846\" src=\"https:\/\/www.dig-stuttgart.net\/wp-content\/uploads\/signal-2024-07-20-000508_014-768x1024.jpeg\" alt=\"\" class=\"wp-image-4846\" srcset=\"http:\/\/www.dig-stuttgart.net\/wp-content\/uploads\/signal-2024-07-20-000508_014-768x1024.jpeg 768w, http:\/\/www.dig-stuttgart.net\/wp-content\/uploads\/signal-2024-07-20-000508_014-225x300.jpeg 225w, http:\/\/www.dig-stuttgart.net\/wp-content\/uploads\/signal-2024-07-20-000508_014-113x150.jpeg 113w, http:\/\/www.dig-stuttgart.net\/wp-content\/uploads\/signal-2024-07-20-000508_014-1152x1536.jpeg 1152w, http:\/\/www.dig-stuttgart.net\/wp-content\/uploads\/signal-2024-07-20-000508_014.jpeg 1200w\" sizes=\"auto, (max-width: 768px) 100vw, 768px\" \/><\/figure>\n\n\n\n<figure class=\"wp-block-image size-large\"><img loading=\"lazy\" decoding=\"async\" width=\"768\" height=\"1024\" data-id=\"4849\" src=\"https:\/\/www.dig-stuttgart.net\/wp-content\/uploads\/signal-2024-07-20-000300_017-768x1024.jpeg\" alt=\"\" class=\"wp-image-4849\" srcset=\"http:\/\/www.dig-stuttgart.net\/wp-content\/uploads\/signal-2024-07-20-000300_017-768x1024.jpeg 768w, http:\/\/www.dig-stuttgart.net\/wp-content\/uploads\/signal-2024-07-20-000300_017-225x300.jpeg 225w, http:\/\/www.dig-stuttgart.net\/wp-content\/uploads\/signal-2024-07-20-000300_017-113x150.jpeg 113w, http:\/\/www.dig-stuttgart.net\/wp-content\/uploads\/signal-2024-07-20-000300_017-1152x1536.jpeg 1152w, http:\/\/www.dig-stuttgart.net\/wp-content\/uploads\/signal-2024-07-20-000300_017.jpeg 1200w\" sizes=\"auto, (max-width: 768px) 100vw, 768px\" \/><\/figure>\n\n\n\n<figure class=\"wp-block-image size-large\"><img loading=\"lazy\" decoding=\"async\" width=\"1024\" height=\"768\" data-id=\"4851\" src=\"https:\/\/www.dig-stuttgart.net\/wp-content\/uploads\/signal-2024-07-20-000328_016-1024x768.jpeg\" alt=\"\" class=\"wp-image-4851\" srcset=\"http:\/\/www.dig-stuttgart.net\/wp-content\/uploads\/signal-2024-07-20-000328_016-1024x768.jpeg 1024w, http:\/\/www.dig-stuttgart.net\/wp-content\/uploads\/signal-2024-07-20-000328_016-300x225.jpeg 300w, http:\/\/www.dig-stuttgart.net\/wp-content\/uploads\/signal-2024-07-20-000328_016-150x113.jpeg 150w, http:\/\/www.dig-stuttgart.net\/wp-content\/uploads\/signal-2024-07-20-000328_016-1536x1152.jpeg 1536w, http:\/\/www.dig-stuttgart.net\/wp-content\/uploads\/signal-2024-07-20-000328_016.jpeg 1600w\" sizes=\"auto, (max-width: 1024px) 100vw, 1024px\" \/><\/figure>\n\n\n\n<figure class=\"wp-block-image size-large\"><img loading=\"lazy\" decoding=\"async\" width=\"1024\" height=\"768\" data-id=\"4843\" src=\"https:\/\/www.dig-stuttgart.net\/wp-content\/uploads\/signal-2024-07-19-172625_020-1024x768.jpeg\" alt=\"\" class=\"wp-image-4843\" srcset=\"http:\/\/www.dig-stuttgart.net\/wp-content\/uploads\/signal-2024-07-19-172625_020-1024x768.jpeg 1024w, http:\/\/www.dig-stuttgart.net\/wp-content\/uploads\/signal-2024-07-19-172625_020-300x225.jpeg 300w, http:\/\/www.dig-stuttgart.net\/wp-content\/uploads\/signal-2024-07-19-172625_020-150x113.jpeg 150w, http:\/\/www.dig-stuttgart.net\/wp-content\/uploads\/signal-2024-07-19-172625_020-1536x1152.jpeg 1536w, http:\/\/www.dig-stuttgart.net\/wp-content\/uploads\/signal-2024-07-19-172625_020.jpeg 2048w\" sizes=\"auto, (max-width: 1024px) 100vw, 1024px\" \/><\/figure>\n\n\n\n<figure class=\"wp-block-image size-large\"><img loading=\"lazy\" decoding=\"async\" width=\"1024\" height=\"768\" data-id=\"4848\" src=\"https:\/\/www.dig-stuttgart.net\/wp-content\/uploads\/signal-2024-07-20-000420_015-1024x768.jpeg\" alt=\"\" class=\"wp-image-4848\" srcset=\"http:\/\/www.dig-stuttgart.net\/wp-content\/uploads\/signal-2024-07-20-000420_015-1024x768.jpeg 1024w, http:\/\/www.dig-stuttgart.net\/wp-content\/uploads\/signal-2024-07-20-000420_015-300x225.jpeg 300w, http:\/\/www.dig-stuttgart.net\/wp-content\/uploads\/signal-2024-07-20-000420_015-150x113.jpeg 150w, http:\/\/www.dig-stuttgart.net\/wp-content\/uploads\/signal-2024-07-20-000420_015-1536x1152.jpeg 1536w, http:\/\/www.dig-stuttgart.net\/wp-content\/uploads\/signal-2024-07-20-000420_015.jpeg 1600w\" sizes=\"auto, (max-width: 1024px) 100vw, 1024px\" \/><\/figure>\n\n\n\n<figure class=\"wp-block-image size-large\"><img loading=\"lazy\" decoding=\"async\" width=\"1024\" height=\"768\" data-id=\"4847\" src=\"https:\/\/www.dig-stuttgart.net\/wp-content\/uploads\/signal-2024-07-21-195057_013-1024x768.jpeg\" alt=\"\" class=\"wp-image-4847\" srcset=\"http:\/\/www.dig-stuttgart.net\/wp-content\/uploads\/signal-2024-07-21-195057_013-1024x768.jpeg 1024w, http:\/\/www.dig-stuttgart.net\/wp-content\/uploads\/signal-2024-07-21-195057_013-300x225.jpeg 300w, http:\/\/www.dig-stuttgart.net\/wp-content\/uploads\/signal-2024-07-21-195057_013-150x113.jpeg 150w, http:\/\/www.dig-stuttgart.net\/wp-content\/uploads\/signal-2024-07-21-195057_013-1536x1152.jpeg 1536w, http:\/\/www.dig-stuttgart.net\/wp-content\/uploads\/signal-2024-07-21-195057_013.jpeg 2048w\" sizes=\"auto, (max-width: 1024px) 100vw, 1024px\" \/><\/figure>\n\n\n\n<figure class=\"wp-block-image size-large\"><img loading=\"lazy\" decoding=\"async\" width=\"1024\" height=\"768\" data-id=\"4850\" src=\"https:\/\/www.dig-stuttgart.net\/wp-content\/uploads\/signal-2024-07-23-192603_003-1024x768.jpeg\" alt=\"\" class=\"wp-image-4850\" srcset=\"http:\/\/www.dig-stuttgart.net\/wp-content\/uploads\/signal-2024-07-23-192603_003-1024x768.jpeg 1024w, http:\/\/www.dig-stuttgart.net\/wp-content\/uploads\/signal-2024-07-23-192603_003-300x225.jpeg 300w, http:\/\/www.dig-stuttgart.net\/wp-content\/uploads\/signal-2024-07-23-192603_003-150x113.jpeg 150w, http:\/\/www.dig-stuttgart.net\/wp-content\/uploads\/signal-2024-07-23-192603_003-1536x1152.jpeg 1536w, http:\/\/www.dig-stuttgart.net\/wp-content\/uploads\/signal-2024-07-23-192603_003.jpeg 2048w\" sizes=\"auto, (max-width: 1024px) 100vw, 1024px\" \/><\/figure>\n\n\n\n<figure class=\"wp-block-image size-large\"><img loading=\"lazy\" decoding=\"async\" width=\"1024\" height=\"768\" data-id=\"4852\" src=\"https:\/\/www.dig-stuttgart.net\/wp-content\/uploads\/signal-2024-07-23-192603_004-1024x768.jpeg\" alt=\"\" class=\"wp-image-4852\" srcset=\"http:\/\/www.dig-stuttgart.net\/wp-content\/uploads\/signal-2024-07-23-192603_004-1024x768.jpeg 1024w, http:\/\/www.dig-stuttgart.net\/wp-content\/uploads\/signal-2024-07-23-192603_004-300x225.jpeg 300w, http:\/\/www.dig-stuttgart.net\/wp-content\/uploads\/signal-2024-07-23-192603_004-150x113.jpeg 150w, http:\/\/www.dig-stuttgart.net\/wp-content\/uploads\/signal-2024-07-23-192603_004-1536x1152.jpeg 1536w, http:\/\/www.dig-stuttgart.net\/wp-content\/uploads\/signal-2024-07-23-192603_004.jpeg 2048w\" sizes=\"auto, (max-width: 1024px) 100vw, 1024px\" \/><\/figure>\n\n\n\n<figure class=\"wp-block-image size-large\"><img loading=\"lazy\" decoding=\"async\" width=\"1024\" height=\"768\" data-id=\"4845\" src=\"https:\/\/www.dig-stuttgart.net\/wp-content\/uploads\/signal-2024-07-23-192603_005-1024x768.jpeg\" alt=\"\" class=\"wp-image-4845\" srcset=\"http:\/\/www.dig-stuttgart.net\/wp-content\/uploads\/signal-2024-07-23-192603_005-1024x768.jpeg 1024w, http:\/\/www.dig-stuttgart.net\/wp-content\/uploads\/signal-2024-07-23-192603_005-300x225.jpeg 300w, http:\/\/www.dig-stuttgart.net\/wp-content\/uploads\/signal-2024-07-23-192603_005-150x113.jpeg 150w, http:\/\/www.dig-stuttgart.net\/wp-content\/uploads\/signal-2024-07-23-192603_005-1536x1152.jpeg 1536w, http:\/\/www.dig-stuttgart.net\/wp-content\/uploads\/signal-2024-07-23-192603_005.jpeg 1984w\" sizes=\"auto, (max-width: 1024px) 100vw, 1024px\" \/><\/figure>\n\n\n\n<figure class=\"wp-block-image size-large\"><img loading=\"lazy\" decoding=\"async\" width=\"1024\" height=\"768\" data-id=\"4839\" src=\"https:\/\/www.dig-stuttgart.net\/wp-content\/uploads\/signal-2024-07-23-192603_006-1024x768.jpeg\" alt=\"\" class=\"wp-image-4839\" srcset=\"http:\/\/www.dig-stuttgart.net\/wp-content\/uploads\/signal-2024-07-23-192603_006-1024x768.jpeg 1024w, http:\/\/www.dig-stuttgart.net\/wp-content\/uploads\/signal-2024-07-23-192603_006-300x225.jpeg 300w, http:\/\/www.dig-stuttgart.net\/wp-content\/uploads\/signal-2024-07-23-192603_006-150x113.jpeg 150w, http:\/\/www.dig-stuttgart.net\/wp-content\/uploads\/signal-2024-07-23-192603_006-1536x1152.jpeg 1536w, http:\/\/www.dig-stuttgart.net\/wp-content\/uploads\/signal-2024-07-23-192603_006.jpeg 2048w\" sizes=\"auto, (max-width: 1024px) 100vw, 1024px\" \/><\/figure>\n\n\n\n<figure class=\"wp-block-image size-large\"><img loading=\"lazy\" decoding=\"async\" width=\"768\" height=\"1024\" data-id=\"4840\" src=\"https:\/\/www.dig-stuttgart.net\/wp-content\/uploads\/signal-2024-07-23-192603_007-768x1024.jpeg\" alt=\"\" class=\"wp-image-4840\" srcset=\"http:\/\/www.dig-stuttgart.net\/wp-content\/uploads\/signal-2024-07-23-192603_007-768x1024.jpeg 768w, http:\/\/www.dig-stuttgart.net\/wp-content\/uploads\/signal-2024-07-23-192603_007-225x300.jpeg 225w, http:\/\/www.dig-stuttgart.net\/wp-content\/uploads\/signal-2024-07-23-192603_007-113x150.jpeg 113w, http:\/\/www.dig-stuttgart.net\/wp-content\/uploads\/signal-2024-07-23-192603_007-1152x1536.jpeg 1152w, http:\/\/www.dig-stuttgart.net\/wp-content\/uploads\/signal-2024-07-23-192603_007.jpeg 1536w\" sizes=\"auto, (max-width: 768px) 100vw, 768px\" \/><\/figure>\n\n\n\n<figure class=\"wp-block-image size-large\"><img loading=\"lazy\" decoding=\"async\" width=\"1024\" height=\"768\" data-id=\"4842\" src=\"https:\/\/www.dig-stuttgart.net\/wp-content\/uploads\/signal-2024-07-23-192603_008-1024x768.jpeg\" alt=\"\" class=\"wp-image-4842\" srcset=\"http:\/\/www.dig-stuttgart.net\/wp-content\/uploads\/signal-2024-07-23-192603_008-1024x768.jpeg 1024w, http:\/\/www.dig-stuttgart.net\/wp-content\/uploads\/signal-2024-07-23-192603_008-300x225.jpeg 300w, http:\/\/www.dig-stuttgart.net\/wp-content\/uploads\/signal-2024-07-23-192603_008-150x113.jpeg 150w, http:\/\/www.dig-stuttgart.net\/wp-content\/uploads\/signal-2024-07-23-192603_008-1536x1152.jpeg 1536w, http:\/\/www.dig-stuttgart.net\/wp-content\/uploads\/signal-2024-07-23-192603_008.jpeg 2048w\" sizes=\"auto, (max-width: 1024px) 100vw, 1024px\" \/><\/figure>\n\n\n\n<figure class=\"wp-block-image size-large\"><img loading=\"lazy\" decoding=\"async\" width=\"1024\" height=\"768\" data-id=\"4841\" src=\"https:\/\/www.dig-stuttgart.net\/wp-content\/uploads\/signal-2024-07-23-192603_009-1024x768.jpeg\" alt=\"\" class=\"wp-image-4841\" srcset=\"http:\/\/www.dig-stuttgart.net\/wp-content\/uploads\/signal-2024-07-23-192603_009-1024x768.jpeg 1024w, http:\/\/www.dig-stuttgart.net\/wp-content\/uploads\/signal-2024-07-23-192603_009-300x225.jpeg 300w, http:\/\/www.dig-stuttgart.net\/wp-content\/uploads\/signal-2024-07-23-192603_009-150x113.jpeg 150w, http:\/\/www.dig-stuttgart.net\/wp-content\/uploads\/signal-2024-07-23-192603_009-1536x1152.jpeg 1536w, http:\/\/www.dig-stuttgart.net\/wp-content\/uploads\/signal-2024-07-23-192603_009.jpeg 2048w\" sizes=\"auto, (max-width: 1024px) 100vw, 1024px\" \/><\/figure>\n<\/figure>\n\n\n\n<p><br>Eindr\u00fccke der Mitglieder am Stand: \u201eIch fand es f\u00fcr mich pers\u00f6nlich toll, mich einzubringen\u201c, \u201eEin Mann hatte mir seinen verdeckt getragenen Davidstern gezeigt als er meinen sah, mir zugenickt und ging dann weiter.\u201c<br><br>Bei hochsommerlichen Temperaturen wurden viele wertvolle Gespr\u00e4che gef\u00fchrt und dabei sehr viel Aufkl\u00e4rungsarbeit geleistet. Viele Besucher*innen und Mitwirkende \u00e4u\u00dferten sich sehr positiv und erfreut \u00fcber unsere Anwesenheit. Der Vorstand der DIG Stuttgart zieht den Hut vor allen engagierten Mitgliedern der DIG Stuttgart, die in diesem besonderen setting einen Einblick in die verschiedenen Facetten israelischer Kultur und Alltagskultur gegeben und sich Fragen und Bemerkungen gestellt haben. <br><br>Eindr\u00fccke der Mitglieder am Stand: \u201eInteresse bestand vor allem am Infomaterial, dabei ergaben sich auch Gespr\u00e4che, durchweg freundliche. Kinder nahmen gern die F\u00e4hnchen mit. Gespr\u00e4che der DIG-Freunde untereinander sorgten daf\u00fcr, dass die Zeit nicht lang wurde.\u201c, \u201eIch bin froh, der verbreiteten Kritik gegen Israel etwas entgegenzusetzen.\u201d<\/p>\n\n\n\n<p>Das Sommerfest der Kulturen ist eine Chance uns der Stuttgarter Zivilgesellschaft zu pr\u00e4sentieren und dank unserer Mitglieder wurde diese M\u00f6glichkeit voll ausgesch\u00f6pft.<br><br>Eindr\u00fccke der Mitglieder am Stand: \u201eEs war sehr sch\u00f6n mit Unterst\u00fctzerinnen und Unterst\u00fctzern auf dem DIG-Stand beim Festival der Kulturen in Stuttgart, gemeinsam f\u00fcr Israel zu werben und Interessierte zu informieren.\u201d, \u201cSo wunderbar zu erleben wie immer wieder Menschen ihre Freude und Dankbarkeit ge\u00e4u\u00dfert haben, dass wir da sind. Es ist so wichtig Pr\u00e4senz zu zeigen!\u201c, \u201cAls Mitarbeiter am DIG- Stand hat man das gute Gef\u00fchl was Kleines f\u00fcr Israel getan zu haben.\u201d<\/p>\n\n\n\n<p><br>Wir anerkennen das Bem\u00fchen der Festivalleitung um einen friedlichen Ablauf ohne Zwischenf\u00e4lle und bedauern, dass dies nicht immer gelungen ist. Wir bedauern den antisemitischen Zwischenruf bei den israelischen Volkst\u00e4nzen mit Avi Palvari und die ungest\u00f6rte antiisraelische Agitation auf der B\u00fchne des Festivals. Die prominente und stete Zuschaustellung der Keffiah erzeugte bei Besucher*innen mit biographischem Bezug zu Israel f\u00fcr Unwohlsein.<br><br>Schwere Zeiten erfordern besonders entschlossenes Engagement und dies wurde am Wochenende auf dem Sommerfest der Kulturen vom Team des Infostand der DIG geleistet.<br><br><br><br><\/p>\n\n\n\n<figure class=\"wp-block-image size-large\"><img loading=\"lazy\" decoding=\"async\" width=\"1024\" height=\"768\" src=\"https:\/\/www.dig-stuttgart.net\/wp-content\/uploads\/signal-2024-07-19-172720_019-1-1024x768.jpeg\" alt=\"\" class=\"wp-image-4854\" srcset=\"http:\/\/www.dig-stuttgart.net\/wp-content\/uploads\/signal-2024-07-19-172720_019-1-1024x768.jpeg 1024w, http:\/\/www.dig-stuttgart.net\/wp-content\/uploads\/signal-2024-07-19-172720_019-1-300x225.jpeg 300w, http:\/\/www.dig-stuttgart.net\/wp-content\/uploads\/signal-2024-07-19-172720_019-1-150x113.jpeg 150w, http:\/\/www.dig-stuttgart.net\/wp-content\/uploads\/signal-2024-07-19-172720_019-1-1536x1152.jpeg 1536w, http:\/\/www.dig-stuttgart.net\/wp-content\/uploads\/signal-2024-07-19-172720_019-1.jpeg 2048w\" sizes=\"auto, (max-width: 1024px) 100vw, 1024px\" \/><\/figure>\n","protected":false},"excerpt":{"rendered":"<p>Von Freitag, 19.07 bis Sonntag 21.07 war die DIG Stuttgart mit einem Infostand auf dem Sommerfest der Kulturen auf dem Stuttgarter Marktplatz pr\u00e4sent. Vielen Dank den mehr als zwei Dutzend(!) Mitgliedern f\u00fcr ihr wichtiges israelsolidarisches Engagement auf diesem bedeutenden Stuttgarter Festival. Eindr\u00fccke der Mitglieder am Stand: \u201eIch fand es f\u00fcr mich pers\u00f6nlich toll, mich einzubringen\u201c, [&hellip;]<\/p>\n","protected":false},"author":13,"featured_media":0,"comment_status":"closed","ping_status":"closed","sticky":false,"template":"","format":"standard","meta":{"footnotes":""},"categories":[1],"tags":[],"class_list":["post-4838","post","type-post","status-publish","format-standard","hentry","category-allgemein"],"_links":{"self":[{"href":"http:\/\/www.dig-stuttgart.net\/index.php?rest_route=\/wp\/v2\/posts\/4838","targetHints":{"allow":["GET"]}}],"collection":[{"href":"http:\/\/www.dig-stuttgart.net\/index.php?rest_route=\/wp\/v2\/posts"}],"about":[{"href":"http:\/\/www.dig-stuttgart.net\/index.php?rest_route=\/wp\/v2\/types\/post"}],"author":[{"embeddable":true,"href":"http:\/\/www.dig-stuttgart.net\/index.php?rest_route=\/wp\/v2\/users\/13"}],"replies":[{"embeddable":true,"href":"http:\/\/www.dig-stuttgart.net\/index.php?rest_route=%2Fwp%2Fv2%2Fcomments&post=4838"}],"version-history":[{"count":4,"href":"http:\/\/www.dig-stuttgart.net\/index.php?rest_route=\/wp\/v2\/posts\/4838\/revisions"}],"predecessor-version":[{"id":5497,"href":"http:\/\/www.dig-stuttgart.net\/index.php?rest_route=\/wp\/v2\/posts\/4838\/revisions\/5497"}],"wp:attachment":[{"href":"http:\/\/www.dig-stuttgart.net\/index.php?rest_route=%2Fwp%2Fv2%2Fmedia&parent=4838"}],"wp:term":[{"taxonomy":"category","embeddable":true,"href":"http:\/\/www.dig-stuttgart.net\/index.php?rest_route=%2Fwp%2Fv2%2Fcategories&post=4838"},{"taxonomy":"post_tag","embeddable":true,"href":"http:\/\/www.dig-stuttgart.net\/index.php?rest_route=%2Fwp%2Fv2%2Ftags&post=4838"}],"curies":[{"name":"wp","href":"https:\/\/api.w.org\/{rel}","templated":true}]}}