{"id":2838,"date":"2019-09-15T17:49:26","date_gmt":"2019-09-15T15:49:26","guid":{"rendered":"http:\/\/www.dig-stuttgart.net\/?p=2838"},"modified":"2021-10-17T01:14:05","modified_gmt":"2021-10-16T23:14:05","slug":"dig-vorstand-trifft-dr-michael-blume","status":"publish","type":"post","link":"http:\/\/www.dig-stuttgart.net\/?p=2838","title":{"rendered":"DIG-Vorstand trifft Dr. Michael Blume"},"content":{"rendered":"\n<figure class=\"wp-block-image\"><img loading=\"lazy\" decoding=\"async\" width=\"1024\" height=\"576\" src=\"http:\/\/www.dig-stuttgart.net\/wp-content\/uploads\/20190904_DIG-Vorstand-beiDrBlume-1024x576.jpg\" alt=\"\" class=\"wp-image-2839\" srcset=\"http:\/\/www.dig-stuttgart.net\/wp-content\/uploads\/20190904_DIG-Vorstand-beiDrBlume-1024x576.jpg 1024w, http:\/\/www.dig-stuttgart.net\/wp-content\/uploads\/20190904_DIG-Vorstand-beiDrBlume-150x84.jpg 150w, http:\/\/www.dig-stuttgart.net\/wp-content\/uploads\/20190904_DIG-Vorstand-beiDrBlume-300x169.jpg 300w\" sizes=\"auto, (max-width: 1024px) 100vw, 1024px\" \/><figcaption>v.l.n.r: Kai Dorra, Ignac Vamos, Michel Blume, B\u00e4rbel Illi, J\u00f6rg Freitag, Lothar Galow-Bergemann<\/figcaption><\/figure>\n\n\n\n<p>Vorstandsmitglieder der DIG Region Stuttgart trafen sich mit dem Beauftragten der Landesregierung gegen Antisemitismus, Dr. Michael Blume, im Staatsministerium in der Villa Reitzenstein. In vertrauensvoller Atmosph\u00e4re ging es u.a. um verbesserte Pr\u00e4vention gegen israelbezogenen Antisemitismus, die Einrichtung eines baden-w\u00fcrttembergisch-israelischen Begegnungswerks und weitere Schritte gegen Bestrebungen zum Boykott Israels in Baden-W\u00fcrttemberg. Wir freuen uns auf weitere fruchtbare Zusammenarbeit.<\/p>\n","protected":false},"excerpt":{"rendered":"<p>Vorstandsmitglieder der DIG Region Stuttgart trafen sich mit dem Beauftragten der Landesregierung gegen Antisemitismus, Dr. Michael Blume, im Staatsministerium in der Villa Reitzenstein. In vertrauensvoller Atmosph\u00e4re ging es u.a. um verbesserte Pr\u00e4vention gegen israelbezogenen Antisemitismus, die Einrichtung eines baden-w\u00fcrttembergisch-israelischen Begegnungswerks und weitere Schritte gegen Bestrebungen zum Boykott Israels in Baden-W\u00fcrttemberg. Wir freuen uns auf weitere [&hellip;]<\/p>\n","protected":false},"author":8,"featured_media":0,"comment_status":"closed","ping_status":"closed","sticky":false,"template":"","format":"image","meta":{"footnotes":""},"categories":[11],"tags":[],"class_list":["post-2838","post","type-post","status-publish","format-image","hentry","category-statements","post_format-post-format-image"],"_links":{"self":[{"href":"http:\/\/www.dig-stuttgart.net\/index.php?rest_route=\/wp\/v2\/posts\/2838","targetHints":{"allow":["GET"]}}],"collection":[{"href":"http:\/\/www.dig-stuttgart.net\/index.php?rest_route=\/wp\/v2\/posts"}],"about":[{"href":"http:\/\/www.dig-stuttgart.net\/index.php?rest_route=\/wp\/v2\/types\/post"}],"author":[{"embeddable":true,"href":"http:\/\/www.dig-stuttgart.net\/index.php?rest_route=\/wp\/v2\/users\/8"}],"replies":[{"embeddable":true,"href":"http:\/\/www.dig-stuttgart.net\/index.php?rest_route=%2Fwp%2Fv2%2Fcomments&post=2838"}],"version-history":[{"count":1,"href":"http:\/\/www.dig-stuttgart.net\/index.php?rest_route=\/wp\/v2\/posts\/2838\/revisions"}],"predecessor-version":[{"id":2840,"href":"http:\/\/www.dig-stuttgart.net\/index.php?rest_route=\/wp\/v2\/posts\/2838\/revisions\/2840"}],"wp:attachment":[{"href":"http:\/\/www.dig-stuttgart.net\/index.php?rest_route=%2Fwp%2Fv2%2Fmedia&parent=2838"}],"wp:term":[{"taxonomy":"category","embeddable":true,"href":"http:\/\/www.dig-stuttgart.net\/index.php?rest_route=%2Fwp%2Fv2%2Fcategories&post=2838"},{"taxonomy":"post_tag","embeddable":true,"href":"http:\/\/www.dig-stuttgart.net\/index.php?rest_route=%2Fwp%2Fv2%2Ftags&post=2838"}],"curies":[{"name":"wp","href":"https:\/\/api.w.org\/{rel}","templated":true}]}}